[{"@context":"https:\/\/schema.org\/","@type":"Article","@id":"https:\/\/www.spolecnacesta.cz\/vyklidi-to-nekdo-za-nas\/#Article","mainEntityOfPage":"https:\/\/www.spolecnacesta.cz\/vyklidi-to-nekdo-za-nas\/","headline":"Vyklid\u00ed to n\u011bkdo za n\u00e1s?","name":"Vyklid\u00ed to n\u011bkdo za n\u00e1s?","description":"Je docela b\u011b\u017en\u00e9, \u017ee kdy\u017e \u010dlov\u011bk n\u011bkde bydl\u00ed, nejprve si to tam za\u0159\u00edd\u00ed, a i v pozd\u011bj\u0161\u00ed dob\u011b si tam [&hellip;]","datePublished":"2022-08-09","dateModified":"2023-04-29","author":{"@type":"Person","@id":"https:\/\/www.spolecnacesta.cz\/author\/devene\/#Person","name":"spolecnacesta.cz","url":"https:\/\/www.spolecnacesta.cz\/author\/devene\/","identifier":1,"image":{"@type":"ImageObject","@id":"https:\/\/secure.gravatar.com\/avatar\/6b1978a802e1d2522476d4f1a954a19e989b74ba84b3e15a182efb651cc75097?s=96&d=mm&r=g","url":"https:\/\/secure.gravatar.com\/avatar\/6b1978a802e1d2522476d4f1a954a19e989b74ba84b3e15a182efb651cc75097?s=96&d=mm&r=g","height":96,"width":96}},"publisher":{"@type":"Organization","name":"spolecnacesta.cz","logo":{"@type":"ImageObject","@id":"\/logo.png","url":"\/logo.png","width":600,"height":60}},"image":{"@type":"ImageObject","@id":"https:\/\/www.spolecnacesta.cz\/wp-content\/uploads\/vyklizeny_byt_Cif9xR.jpg","url":"https:\/\/www.spolecnacesta.cz\/wp-content\/uploads\/vyklizeny_byt_Cif9xR.jpg","height":0,"width":0},"url":"https:\/\/www.spolecnacesta.cz\/vyklidi-to-nekdo-za-nas\/","about":["Slu\u017eby"],"wordCount":427,"articleBody":"          Je docela b\u011b\u017en\u00e9, \u017ee kdy\u017e \u010dlov\u011bk n\u011bkde bydl\u00ed, nejprve si to tam za\u0159\u00edd\u00ed, a i v pozd\u011bj\u0161\u00ed dob\u011b si tam tu a tam n\u011bco dal\u0161\u00edho p\u0159inese. A tak se mu tam jeho majetek hromad\u00ed, co\u017e nemus\u00ed b\u00fdt probl\u00e9m a \u010dasto je to vlastn\u011b i p\u0159\u00edjemn\u00e9. Jen\u017ee co kdy\u017e se potom m\u00e1 takov\u00fd objekt vyklidit? Co kdy\u017e se n\u011bkdo dejme tomu st\u011bhuje, co kdy\u017e se m\u00e1 takov\u00e1 budova rekonstruovat nebo je z n\u011bjak\u00e9ho jin\u00e9ho d\u016fvodu pot\u0159eba odsud v\u0161e dostat?  To u\u017e pochopiteln\u011b ani zdaleka tak p\u0159\u00edjemn\u00e9 nen\u00ed. Ba d\u00e1 se to pova\u017eovat i za vysloven\u011b nep\u0159\u00edjemn\u00e9. A to bez ohledu na to, pro\u010d se takov\u00e9 vykl\u00edzen\u00ed d\u011bje. I kdyby se m\u011bl \u010dlov\u011bk p\u0159est\u011bhovat na lep\u0161\u00ed m\u00edsto, i kdyby to m\u011bl odn\u00e9st n\u011bkam jinam jen na omezenou dobu \u00faprav on\u00e9 budovy, po kter\u00fdch mu v n\u00ed bude je\u0161t\u011b daleko l\u00e9pe ne\u017e doposud, je vykl\u00edzen\u00ed \u010dehokoliv ur\u010dit\u011b nep\u0159\u00edjemn\u00e1 \u010dinnost. A kdyby to \u0161lo, v\u011bt\u0161ina z n\u00e1s by ur\u010dit\u011b nedopustila, aby k tomu do\u0161lo. Ale ono k tomu doch\u00e1z\u00ed. A dejme tomu vykl\u00edzen\u00ed objekt\u016f v Praze je obdobn\u011b nep\u0159\u00edjemn\u00e9 jako kdekoliv jinde. Proto\u017ee odnosit t\u011b\u017ek\u00e9 v\u011bci, postarat se i o drobnosti a k\u0159ehk\u00e9 kousky, to d\u00e1 zabrat, to chce s\u00edlu i pe\u010dlivost a opatrnost. A proto je pro v\u011bt\u0161inu z n\u00e1s vykl\u00edzen\u00ed dom\u016f, byt\u016f, kancel\u00e1\u0159\u00ed i cel\u00fdch firem n\u011bco, k \u010demu se prop\u016fj\u010dujeme jen velice neradi. A kdy\u017e nen\u00ed vyhnut\u00ed.  Jen\u017ee kdy\u017e se nad t\u00edm zamysl\u00edme, vyhnout se takov\u00fdm nep\u0159\u00edjemn\u00fdm \u010dinnostem d\u00e1. Proto\u017ee m\u00e1 na podobn\u00e9 vyklizen\u00ed nemovitosti Praha sv\u00e9 lidi. Tady p\u016fsob\u00ed i ti, je\u017e podobn\u00e9 pr\u00e1ce \u017eiv\u00ed. A ti nejen vyst\u011bhuj\u00ed, co je t\u0159eba vyst\u011bhovat, ale postaraj\u00ed se i o vyklizen\u00ed p\u016fd a sklep\u016f, odvoz odpadu a \u00faklid nevyj\u00edmaje. A pomohou s t\u00edm pochopiteln\u011b nejenom v na\u0161em hlavn\u00edm m\u011bst\u011b, ale i na v\u011bt\u0161in\u011b jin\u00fdch m\u00edst \u010cesk\u00e9 republiky. Proto\u017ee i tam se leckdy vykl\u00edzet mus\u00ed, ani tam toho neb\u00fdvaj\u00ed lid\u00e9 u\u0161et\u0159eni. A kolik toho pro sv\u00e9 z\u00e1kazn\u00edk vyst\u011bhuj\u00ed? P\u0159ece tolik, kolik je t\u0159eba. A nikdo si tu tak nemus\u00ed s ni\u010d\u00edm d\u011blat starosti.                                                                                                                                                                                                                                                                                                                                                                                          4.6\/5 - (8 votes)        "},{"@context":"https:\/\/schema.org\/","@type":"BreadcrumbList","itemListElement":[{"@type":"ListItem","position":1,"name":"Vyklid\u00ed to n\u011bkdo za n\u00e1s?","item":"https:\/\/www.spolecnacesta.cz\/vyklidi-to-nekdo-za-nas\/#breadcrumbitem"}]}]