{"@context":"https:\/\/schema.org\/","@type":"CollectionPage","@id":"https:\/\/www.spolecnacesta.cz\/sluzby\/#CollectionPage","headline":"Slu\u017eby Category","description":"","url":"https:\/\/www.spolecnacesta.cz\/sluzby\/","hasPart":[{"@type":"Article","@id":"https:\/\/www.spolecnacesta.cz\/budeme-kupovat-nove-auto\/","headline":"Budeme kupovat nov\u00e9 auto","url":"https:\/\/www.spolecnacesta.cz\/budeme-kupovat-nove-auto\/","datePublished":"2025-12-27","dateModified":"2025-12-27","mainEntityOfPage":"https:\/\/www.spolecnacesta.cz\/budeme-kupovat-nove-auto\/","author":{"@type":"Person","@id":"https:\/\/www.spolecnacesta.cz\/author\/devene\/#Person","name":"spolecnacesta.cz","url":"https:\/\/www.spolecnacesta.cz\/author\/devene\/","identifier":1,"image":{"@type":"ImageObject","@id":"https:\/\/secure.gravatar.com\/avatar\/6b1978a802e1d2522476d4f1a954a19e989b74ba84b3e15a182efb651cc75097?s=96&d=mm&r=g","url":"https:\/\/secure.gravatar.com\/avatar\/6b1978a802e1d2522476d4f1a954a19e989b74ba84b3e15a182efb651cc75097?s=96&d=mm&r=g","height":96,"width":96}},"publisher":{"@type":"Organization","name":"spolecnacesta.cz","logo":{"@type":"ImageObject","@id":"\/logo.png","url":"\/logo.png","width":600,"height":60}},"image":{"@type":"ImageObject","@id":"https:\/\/www.spolecnacesta.cz\/wp-content\/uploads\/mclaren-3400807_640_5.jpg","url":"https:\/\/www.spolecnacesta.cz\/wp-content\/uploads\/mclaren-3400807_640_5.jpg","height":0,"width":0},"keywords":null},{"@type":"Article","@id":"https:\/\/www.spolecnacesta.cz\/koberec-se-muze-zaspinit-velice-rychle\/","headline":"Koberec se m\u016f\u017ee za\u0161pinit velice rychle","url":"https:\/\/www.spolecnacesta.cz\/koberec-se-muze-zaspinit-velice-rychle\/","datePublished":"2025-12-09","dateModified":"2025-12-09","mainEntityOfPage":"https:\/\/www.spolecnacesta.cz\/koberec-se-muze-zaspinit-velice-rychle\/","author":{"@type":"Person","@id":"https:\/\/www.spolecnacesta.cz\/author\/devene\/#Person","name":"spolecnacesta.cz","url":"https:\/\/www.spolecnacesta.cz\/author\/devene\/","identifier":1,"image":{"@type":"ImageObject","@id":"https:\/\/secure.gravatar.com\/avatar\/6b1978a802e1d2522476d4f1a954a19e989b74ba84b3e15a182efb651cc75097?s=96&d=mm&r=g","url":"https:\/\/secure.gravatar.com\/avatar\/6b1978a802e1d2522476d4f1a954a19e989b74ba84b3e15a182efb651cc75097?s=96&d=mm&r=g","height":96,"width":96}},"publisher":{"@type":"Organization","name":"spolecnacesta.cz","logo":{"@type":"ImageObject","@id":"\/logo.png","url":"\/logo.png","width":600,"height":60}},"image":{"@type":"ImageObject","@id":"https:\/\/www.spolecnacesta.cz\/wp-content\/uploads\/rug-1088557_640_10_10_10_4.jpg","url":"https:\/\/www.spolecnacesta.cz\/wp-content\/uploads\/rug-1088557_640_10_10_10_4.jpg","height":0,"width":0},"keywords":null},{"@type":"Article","@id":"https:\/\/www.spolecnacesta.cz\/stehovani-tezkych-bremen-muze-skoncit-urazem\/","headline":"St\u011bhov\u00e1n\u00ed t\u011b\u017ek\u00fdch b\u0159emen m\u016f\u017ee skon\u010dit \u00farazem","url":"https:\/\/www.spolecnacesta.cz\/stehovani-tezkych-bremen-muze-skoncit-urazem\/","datePublished":"2025-11-04","dateModified":"2025-11-04","mainEntityOfPage":"https:\/\/www.spolecnacesta.cz\/stehovani-tezkych-bremen-muze-skoncit-urazem\/","author":{"@type":"Person","@id":"https:\/\/www.spolecnacesta.cz\/author\/devene\/#Person","name":"spolecnacesta.cz","url":"https:\/\/www.spolecnacesta.cz\/author\/devene\/","identifier":1,"image":{"@type":"ImageObject","@id":"https:\/\/secure.gravatar.com\/avatar\/6b1978a802e1d2522476d4f1a954a19e989b74ba84b3e15a182efb651cc75097?s=96&d=mm&r=g","url":"https:\/\/secure.gravatar.com\/avatar\/6b1978a802e1d2522476d4f1a954a19e989b74ba84b3e15a182efb651cc75097?s=96&d=mm&r=g","height":96,"width":96}},"publisher":{"@type":"Organization","name":"spolecnacesta.cz","logo":{"@type":"ImageObject","@id":"\/logo.png","url":"\/logo.png","width":600,"height":60}},"image":{"@type":"ImageObject","@id":"https:\/\/www.spolecnacesta.cz\/wp-content\/uploads\/box-220257_640.jpg","url":"https:\/\/www.spolecnacesta.cz\/wp-content\/uploads\/box-220257_640.jpg","height":0,"width":0},"keywords":null},{"@type":"Article","@id":"https:\/\/www.spolecnacesta.cz\/proc-tak-neradi-navstevujeme-zubni-ordinace-praha-6\/","headline":"Pro\u010d tak neradi nav\u0161t\u011bvujeme zubn\u00ed ordinace Praha 6","url":"https:\/\/www.spolecnacesta.cz\/proc-tak-neradi-navstevujeme-zubni-ordinace-praha-6\/","datePublished":"2025-10-01","dateModified":"2025-10-01","mainEntityOfPage":"https:\/\/www.spolecnacesta.cz\/proc-tak-neradi-navstevujeme-zubni-ordinace-praha-6\/","author":{"@type":"Person","@id":"https:\/\/www.spolecnacesta.cz\/author\/devene\/#Person","name":"spolecnacesta.cz","url":"https:\/\/www.spolecnacesta.cz\/author\/devene\/","identifier":1,"image":{"@type":"ImageObject","@id":"https:\/\/secure.gravatar.com\/avatar\/6b1978a802e1d2522476d4f1a954a19e989b74ba84b3e15a182efb651cc75097?s=96&d=mm&r=g","url":"https:\/\/secure.gravatar.com\/avatar\/6b1978a802e1d2522476d4f1a954a19e989b74ba84b3e15a182efb651cc75097?s=96&d=mm&r=g","height":96,"width":96}},"publisher":{"@type":"Organization","name":"spolecnacesta.cz","logo":{"@type":"ImageObject","@id":"\/logo.png","url":"\/logo.png","width":600,"height":60}},"image":{"@type":"ImageObject","@id":"https:\/\/www.spolecnacesta.cz\/wp-content\/uploads\/zubar1_10_6.jpg","url":"https:\/\/www.spolecnacesta.cz\/wp-content\/uploads\/zubar1_10_6.jpg","height":0,"width":0},"keywords":null},{"@type":"Article","@id":"https:\/\/www.spolecnacesta.cz\/jak-si-usnadnit-stehovani-kancelari\/","headline":"Jak si usnadnit st\u011bhov\u00e1n\u00ed kancel\u00e1\u0159\u00ed","url":"https:\/\/www.spolecnacesta.cz\/jak-si-usnadnit-stehovani-kancelari\/","datePublished":"2025-07-05","dateModified":"2025-07-05","mainEntityOfPage":"https:\/\/www.spolecnacesta.cz\/jak-si-usnadnit-stehovani-kancelari\/","author":{"@type":"Person","@id":"https:\/\/www.spolecnacesta.cz\/author\/devene\/#Person","name":"spolecnacesta.cz","url":"https:\/\/www.spolecnacesta.cz\/author\/devene\/","identifier":1,"image":{"@type":"ImageObject","@id":"https:\/\/secure.gravatar.com\/avatar\/6b1978a802e1d2522476d4f1a954a19e989b74ba84b3e15a182efb651cc75097?s=96&d=mm&r=g","url":"https:\/\/secure.gravatar.com\/avatar\/6b1978a802e1d2522476d4f1a954a19e989b74ba84b3e15a182efb651cc75097?s=96&d=mm&r=g","height":96,"width":96}},"publisher":{"@type":"Organization","name":"spolecnacesta.cz","logo":{"@type":"ImageObject","@id":"\/logo.png","url":"\/logo.png","width":600,"height":60}},"image":{"@type":"ImageObject","@id":"https:\/\/www.spolecnacesta.cz\/wp-content\/uploads\/packages-6153947_640_10.jpg","url":"https:\/\/www.spolecnacesta.cz\/wp-content\/uploads\/packages-6153947_640_10.jpg","height":0,"width":0},"keywords":null},{"@type":"Article","@id":"https:\/\/www.spolecnacesta.cz\/kdo-vam-se-stehovanim-pomuze\/","headline":"Kdo v\u00e1m se st\u011bhov\u00e1n\u00edm pom\u016f\u017ee?","url":"https:\/\/www.spolecnacesta.cz\/kdo-vam-se-stehovanim-pomuze\/","datePublished":"2025-07-03","dateModified":"2025-07-03","mainEntityOfPage":"https:\/\/www.spolecnacesta.cz\/kdo-vam-se-stehovanim-pomuze\/","author":{"@type":"Person","@id":"https:\/\/www.spolecnacesta.cz\/author\/devene\/#Person","name":"spolecnacesta.cz","url":"https:\/\/www.spolecnacesta.cz\/author\/devene\/","identifier":1,"image":{"@type":"ImageObject","@id":"https:\/\/secure.gravatar.com\/avatar\/6b1978a802e1d2522476d4f1a954a19e989b74ba84b3e15a182efb651cc75097?s=96&d=mm&r=g","url":"https:\/\/secure.gravatar.com\/avatar\/6b1978a802e1d2522476d4f1a954a19e989b74ba84b3e15a182efb651cc75097?s=96&d=mm&r=g","height":96,"width":96}},"publisher":{"@type":"Organization","name":"spolecnacesta.cz","logo":{"@type":"ImageObject","@id":"\/logo.png","url":"\/logo.png","width":600,"height":60}},"image":{"@type":"ImageObject","@id":"https:\/\/www.spolecnacesta.cz\/wp-content\/uploads\/SSSSSSSSSS_1.png","url":"https:\/\/www.spolecnacesta.cz\/wp-content\/uploads\/SSSSSSSSSS_1.png","height":0,"width":0},"keywords":null},{"@type":"Article","@id":"https:\/\/www.spolecnacesta.cz\/jezdete-za-levnejsi-palivo\/","headline":"Jezd\u011bte za levn\u011bj\u0161\u00ed palivo","url":"https:\/\/www.spolecnacesta.cz\/jezdete-za-levnejsi-palivo\/","datePublished":"2025-06-14","dateModified":"2025-06-14","mainEntityOfPage":"https:\/\/www.spolecnacesta.cz\/jezdete-za-levnejsi-palivo\/","author":{"@type":"Person","@id":"https:\/\/www.spolecnacesta.cz\/author\/devene\/#Person","name":"spolecnacesta.cz","url":"https:\/\/www.spolecnacesta.cz\/author\/devene\/","identifier":1,"image":{"@type":"ImageObject","@id":"https:\/\/secure.gravatar.com\/avatar\/6b1978a802e1d2522476d4f1a954a19e989b74ba84b3e15a182efb651cc75097?s=96&d=mm&r=g","url":"https:\/\/secure.gravatar.com\/avatar\/6b1978a802e1d2522476d4f1a954a19e989b74ba84b3e15a182efb651cc75097?s=96&d=mm&r=g","height":96,"width":96}},"publisher":{"@type":"Organization","name":"spolecnacesta.cz","logo":{"@type":"ImageObject","@id":"\/logo.png","url":"\/logo.png","width":600,"height":60}},"image":{"@type":"ImageObject","@id":"https:\/\/www.spolecnacesta.cz\/wp-content\/uploads\/turbo-866776_640%20(1).jpg","url":"https:\/\/www.spolecnacesta.cz\/wp-content\/uploads\/turbo-866776_640%20(1).jpg","height":0,"width":0},"keywords":null},{"@type":"Article","@id":"https:\/\/www.spolecnacesta.cz\/stenice-jsou-nevitane\/","headline":"\u0160t\u011bnice jsou nev\u00edtan\u00e9","url":"https:\/\/www.spolecnacesta.cz\/stenice-jsou-nevitane\/","datePublished":"2025-04-02","dateModified":"2025-04-02","mainEntityOfPage":"https:\/\/www.spolecnacesta.cz\/stenice-jsou-nevitane\/","author":{"@type":"Person","@id":"https:\/\/www.spolecnacesta.cz\/author\/devene\/#Person","name":"spolecnacesta.cz","url":"https:\/\/www.spolecnacesta.cz\/author\/devene\/","identifier":1,"image":{"@type":"ImageObject","@id":"https:\/\/secure.gravatar.com\/avatar\/6b1978a802e1d2522476d4f1a954a19e989b74ba84b3e15a182efb651cc75097?s=96&d=mm&r=g","url":"https:\/\/secure.gravatar.com\/avatar\/6b1978a802e1d2522476d4f1a954a19e989b74ba84b3e15a182efb651cc75097?s=96&d=mm&r=g","height":96,"width":96}},"publisher":{"@type":"Organization","name":"spolecnacesta.cz","logo":{"@type":"ImageObject","@id":"\/logo.png","url":"\/logo.png","width":600,"height":60}},"image":{"@type":"ImageObject","@id":"https:\/\/www.spolecnacesta.cz\/wp-content\/uploads\/%C5%A1%C5%A1_10_3.jpg","url":"https:\/\/www.spolecnacesta.cz\/wp-content\/uploads\/%C5%A1%C5%A1_10_3.jpg","height":0,"width":0},"keywords":null},{"@type":"Article","@id":"https:\/\/www.spolecnacesta.cz\/truhlarina-aneb-neocenitelna-sluzba\/","headline":"Truhla\u0159ina aneb neoceniteln\u00e1 slu\u017eba","url":"https:\/\/www.spolecnacesta.cz\/truhlarina-aneb-neocenitelna-sluzba\/","datePublished":"2025-03-07","dateModified":"2023-04-29","mainEntityOfPage":"https:\/\/www.spolecnacesta.cz\/truhlarina-aneb-neocenitelna-sluzba\/","author":{"@type":"Person","@id":"https:\/\/www.spolecnacesta.cz\/author\/devene\/#Person","name":"spolecnacesta.cz","url":"https:\/\/www.spolecnacesta.cz\/author\/devene\/","identifier":1,"image":{"@type":"ImageObject","@id":"https:\/\/secure.gravatar.com\/avatar\/6b1978a802e1d2522476d4f1a954a19e989b74ba84b3e15a182efb651cc75097?s=96&d=mm&r=g","url":"https:\/\/secure.gravatar.com\/avatar\/6b1978a802e1d2522476d4f1a954a19e989b74ba84b3e15a182efb651cc75097?s=96&d=mm&r=g","height":96,"width":96}},"publisher":{"@type":"Organization","name":"spolecnacesta.cz","logo":{"@type":"ImageObject","@id":"\/logo.png","url":"\/logo.png","width":600,"height":60}},"image":{"@type":"ImageObject","@id":"https:\/\/www.spolecnacesta.cz\/wp-content\/uploads\/img_a304537_w2035_t1515585880.jpg","url":"https:\/\/www.spolecnacesta.cz\/wp-content\/uploads\/img_a304537_w2035_t1515585880.jpg","height":0,"width":0},"keywords":null},{"@type":"Article","@id":"https:\/\/www.spolecnacesta.cz\/sauna-je-pravy-poklad-zpiva-se-v-jedne-pisni\/","headline":"Sauna je prav\u00fd poklad, zp\u00edv\u00e1 se v jedn\u00e9 p\u00edsni.","url":"https:\/\/www.spolecnacesta.cz\/sauna-je-pravy-poklad-zpiva-se-v-jedne-pisni\/","datePublished":"2025-03-01","dateModified":"2023-04-29","mainEntityOfPage":"https:\/\/www.spolecnacesta.cz\/sauna-je-pravy-poklad-zpiva-se-v-jedne-pisni\/","author":{"@type":"Person","@id":"https:\/\/www.spolecnacesta.cz\/author\/devene\/#Person","name":"spolecnacesta.cz","url":"https:\/\/www.spolecnacesta.cz\/author\/devene\/","identifier":1,"image":{"@type":"ImageObject","@id":"https:\/\/secure.gravatar.com\/avatar\/6b1978a802e1d2522476d4f1a954a19e989b74ba84b3e15a182efb651cc75097?s=96&d=mm&r=g","url":"https:\/\/secure.gravatar.com\/avatar\/6b1978a802e1d2522476d4f1a954a19e989b74ba84b3e15a182efb651cc75097?s=96&d=mm&r=g","height":96,"width":96}},"publisher":{"@type":"Organization","name":"spolecnacesta.cz","logo":{"@type":"ImageObject","@id":"\/logo.png","url":"\/logo.png","width":600,"height":60}},"image":{"@type":"ImageObject","@id":"https:\/\/www.spolecnacesta.cz\/wp-content\/uploads\/img_a312483_w2035_t1523390389.jpg","url":"https:\/\/www.spolecnacesta.cz\/wp-content\/uploads\/img_a312483_w2035_t1523390389.jpg","height":0,"width":0},"keywords":null}]}