[{"@context":"https:\/\/schema.org\/","@type":"Article","@id":"https:\/\/www.spolecnacesta.cz\/rict-pravdu-tak-aby-mela-prinos\/#Article","mainEntityOfPage":"https:\/\/www.spolecnacesta.cz\/rict-pravdu-tak-aby-mela-prinos\/","headline":"\u0158\u00edct pravdu tak, aby m\u011bla p\u0159\u00ednos","name":"\u0158\u00edct pravdu tak, aby m\u011bla p\u0159\u00ednos","description":"Co m\u00e1 r\u00e1da ka\u017ed\u00e1 \u017eena, kdy\u017e uva\u0159\u00ed ob\u011bd? Co m\u00e1 r\u00e1do ka\u017ed\u00e9 d\u00edt\u011b, kdy\u017e p\u0159inese dobrou zn\u00e1mku? Co m\u00e1 r\u00e1d [&hellip;]","datePublished":"2023-07-18","dateModified":"2023-07-18","author":{"@type":"Person","@id":"https:\/\/www.spolecnacesta.cz\/author\/devene\/#Person","name":"spolecnacesta.cz","url":"https:\/\/www.spolecnacesta.cz\/author\/devene\/","identifier":1,"image":{"@type":"ImageObject","@id":"https:\/\/secure.gravatar.com\/avatar\/6b1978a802e1d2522476d4f1a954a19e989b74ba84b3e15a182efb651cc75097?s=96&d=mm&r=g","url":"https:\/\/secure.gravatar.com\/avatar\/6b1978a802e1d2522476d4f1a954a19e989b74ba84b3e15a182efb651cc75097?s=96&d=mm&r=g","height":96,"width":96}},"publisher":{"@type":"Organization","name":"spolecnacesta.cz","logo":{"@type":"ImageObject","@id":"\/logo.png","url":"\/logo.png","width":600,"height":60}},"url":"https:\/\/www.spolecnacesta.cz\/rict-pravdu-tak-aby-mela-prinos\/","wordCount":244,"articleBody":"Co m\u00e1 r\u00e1da ka\u017ed\u00e1 \u017eena, kdy\u017e uva\u0159\u00ed ob\u011bd? Co m\u00e1 r\u00e1do ka\u017ed\u00e9 d\u00edt\u011b, kdy\u017e p\u0159inese dobrou zn\u00e1mku? Co m\u00e1 r\u00e1d ka\u017ed\u00fd mu\u017e, kdy\u017e se mu povede mile p\u0159ekvapit rodinu? No p\u0159ece pochvalu a uzn\u00e1n\u00ed. V zam\u011bstn\u00e1n\u00ed se tomu \u0159\u00edk\u00e1 zp\u011btn\u00e1 vazba. Kdy\u017e v\u00e1m zam\u011bstnavatel \u0159ekne, \u017ee n\u011bco nen\u00ed v po\u0159\u00e1dku, m\u011bl by v\u00e1m taky vysv\u011btlit, co konkr\u00e9tn\u011b, abyste to mohli vylep\u0161it. Jako s t\u00edm ob\u011bdem od \u017eeny. Pokud v\u00e1m nechutn\u00e1, asi nen\u00ed vhodn\u00e9 \u0159\u00edkat, \u017ee je to v po\u0159\u00e1dku, proto\u017ee p\u0159\u00ed\u0161t\u011b dostanete ob\u011bd ve stejn\u00e9m pod\u00e1n\u00ed. Hlavn\u011b \u0159\u00edct kritiku tak, aby moc nebolela. Nev\u00edte si s t\u00edmto poradit? V agentu\u0159e MotivP p\u0159ed\u00e1vaj\u00ed podobn\u00e9 rady ji\u017e n\u011bkolik let. Z\u016fst\u00e1v\u00e1 za nimi spousta spokojen\u00fdch firem i zam\u011bstnanc\u016f. Poj\u010fte do toho, i vy a nau\u010dte se \u0159\u00edkat pravdu profesion\u00e1ln\u011b.V\u0161ichni budou spokojen\u00edSpr\u00e1vn\u011b podan\u00e1 zp\u011btn\u00e1 vazba bude m\u00edt hlavn\u00ed p\u0159\u00ednos v pln\u011bn\u00ed pracovn\u00edch povinnost\u00ed a c\u00edl\u016f. Pochv\u00e1len\u00fd zam\u011bstnanec by v \u017e\u00e1dn\u00e9m p\u0159\u00edpad\u011b nem\u011bl polevit a ten, kter\u00fd z\u00edskal za odvedenou pr\u00e1ci profesion\u00e1ln\u011b podanou kritiku, v\u00ed co m\u00e1 na sob\u011b zlep\u0161it. Nakonec zjist\u00edte, \u017ee cel\u00fd \u017eivot se je, co u\u010dit.                                                                                                                                                                                                                                                                                                                                                                                        4.2\/5 - (6 votes)        "},{"@context":"https:\/\/schema.org\/","@type":"BreadcrumbList","itemListElement":[{"@type":"ListItem","position":1,"name":"\u0158\u00edct pravdu tak, aby m\u011bla p\u0159\u00ednos","item":"https:\/\/www.spolecnacesta.cz\/rict-pravdu-tak-aby-mela-prinos\/#breadcrumbitem"}]}]