[{"@context":"https:\/\/schema.org\/","@type":"Article","@id":"https:\/\/www.spolecnacesta.cz\/kolik-auticek-tu-maji\/#Article","mainEntityOfPage":"https:\/\/www.spolecnacesta.cz\/kolik-auticek-tu-maji\/","headline":"Kolik aut\u00ed\u010dek tu maj\u00ed?","name":"Kolik aut\u00ed\u010dek tu maj\u00ed?","description":"Ve \u0161kolce, kam chod\u00ed i n\u00e1\u0161 syn, je hra\u010dek velmi mnoho. Na ka\u017ed\u00e9 odd\u011blen\u00ed p\u0159ipad\u00e1 zhruba sto hra\u010dek. V\u0161echny nejsou [&hellip;]","datePublished":"2025-02-09","dateModified":"2025-02-09","author":{"@type":"Person","@id":"https:\/\/www.spolecnacesta.cz\/author\/devene\/#Person","name":"spolecnacesta.cz","url":"https:\/\/www.spolecnacesta.cz\/author\/devene\/","identifier":1,"image":{"@type":"ImageObject","@id":"https:\/\/secure.gravatar.com\/avatar\/6b1978a802e1d2522476d4f1a954a19e989b74ba84b3e15a182efb651cc75097?s=96&d=mm&r=g","url":"https:\/\/secure.gravatar.com\/avatar\/6b1978a802e1d2522476d4f1a954a19e989b74ba84b3e15a182efb651cc75097?s=96&d=mm&r=g","height":96,"width":96}},"publisher":{"@type":"Organization","name":"spolecnacesta.cz","logo":{"@type":"ImageObject","@id":"\/logo.png","url":"\/logo.png","width":600,"height":60}},"url":"https:\/\/www.spolecnacesta.cz\/kolik-auticek-tu-maji\/","wordCount":205,"articleBody":" Ve \u0161kolce, kam chod\u00ed i n\u00e1\u0161 syn, je hra\u010dek velmi mnoho. Na ka\u017ed\u00e9 odd\u011blen\u00ed p\u0159ipad\u00e1 zhruba sto hra\u010dek. V\u0161echny nejsou ulo\u017eeny ve sk\u0159\u00edn\u00edch, ale v reg\u00e1lech, kter\u00fdch tu mus\u00ed b\u00fdt pravdu mnoho. Nejhor\u0161\u00ed je, udr\u017eet v nich po\u0159\u00e1dek. Obzvl\u00e1\u0161\u0165, kdy\u017e se chyst\u00e1 n\u011bjak\u00e1 \u201e\u0161kolkov\u00e1\u201c bes\u00eddka, kon\u00e1 se v ka\u017ed\u00e9m odd\u011blen\u00ed po\u0159\u00e1dn\u00fd \u00faklid. Co kdyby n\u011bkter\u00fd z rodi\u010d\u016f s\u00e1hnul \u00fapln\u011b nahoru na sk\u0159\u00ed\u0148? Byla by p\u011bkn\u00e1 ostuda, kdyby m\u011bl prst od prachu, nemysl\u00edte? Bordel v gar\u00e1\u017ei Nem\u00e1m r\u00e1da nepo\u0159\u00e1dek. Kdo ho m\u00e1 r\u00e1d? N\u011bkomu nevad\u00ed, n\u011bkomu vyhovuje, jin\u00fd ho r\u00e1d nem\u00e1, ale nedok\u00e1\u017ee udr\u017eet po\u0159\u00e1dek, j\u00e1 ho nesn\u00e1\u0161\u00edm a bojuji s t\u00edm, aby v\u0161e vypadalo \u010dist\u011b, uklizen\u011b a \u00fatuln\u011b. N\u011bkdy ale nen\u00ed na \u00faklid \u010das a to m\u011b p\u011bkn\u011b \u0161tve. Nen\u00ed nad v\u016fni po p\u0159edv\u00e1no\u010dn\u00edm dokonal\u00e9m \u00faklidu. Kdy\u017e ka\u017ed\u00e1 v\u011bc m\u00e1 sv\u00e9 m\u00edsto a v\u0161e je na sv\u00e9m m\u00edst\u011b a police a reg\u00e1ly jsou naimpregnovan\u00e9 le\u0161t\u011bnkou. Hm, to je super!                                                                                                                                                                                                                                                                                                                                                                                                "},{"@context":"https:\/\/schema.org\/","@type":"BreadcrumbList","itemListElement":[{"@type":"ListItem","position":1,"name":"Kolik aut\u00ed\u010dek tu maj\u00ed?","item":"https:\/\/www.spolecnacesta.cz\/kolik-auticek-tu-maji\/#breadcrumbitem"}]}]