[{"@context":"https:\/\/schema.org\/","@type":"Article","@id":"https:\/\/www.spolecnacesta.cz\/kam-vyrazit-s-detmi\/#Article","mainEntityOfPage":"https:\/\/www.spolecnacesta.cz\/kam-vyrazit-s-detmi\/","headline":"Kam vyrazit s d\u011btmi?","name":"Kam vyrazit s d\u011btmi?","description":"M\u00e1te mal\u00e9 d\u011bti a chyst\u00e1te se s nimi p\u0159\u00ed\u0161t\u00ed letn\u00ed pr\u00e1zdniny vyrazit na prvn\u00ed v\u011bt\u0161\u00ed dovolenou? Nechcete tr\u00e1vit dny volna [&hellip;]","datePublished":"2025-04-11","dateModified":"2025-04-11","author":{"@type":"Person","@id":"https:\/\/www.spolecnacesta.cz\/author\/devene\/#Person","name":"spolecnacesta.cz","url":"https:\/\/www.spolecnacesta.cz\/author\/devene\/","identifier":1,"image":{"@type":"ImageObject","@id":"https:\/\/secure.gravatar.com\/avatar\/6b1978a802e1d2522476d4f1a954a19e989b74ba84b3e15a182efb651cc75097?s=96&d=mm&r=g","url":"https:\/\/secure.gravatar.com\/avatar\/6b1978a802e1d2522476d4f1a954a19e989b74ba84b3e15a182efb651cc75097?s=96&d=mm&r=g","height":96,"width":96}},"publisher":{"@type":"Organization","name":"spolecnacesta.cz","logo":{"@type":"ImageObject","@id":"\/logo.png","url":"\/logo.png","width":600,"height":60}},"url":"https:\/\/www.spolecnacesta.cz\/kam-vyrazit-s-detmi\/","wordCount":250,"articleBody":"M\u00e1te mal\u00e9 d\u011bti a chyst\u00e1te se s nimi p\u0159\u00ed\u0161t\u00ed letn\u00ed pr\u00e1zdniny vyrazit na prvn\u00ed v\u011bt\u0161\u00ed dovolenou? Nechcete tr\u00e1vit dny volna jen u babi\u010dky \u010di na sv\u00e9 chalup\u011b? Pak si dob\u0159e vyberte, jak\u00fd c\u00edl si pro svou dovolenou zvol\u00edte, p\u0159esv\u011bd\u010dte se, \u017ee si Va\u0161e d\u011bti dovolenou u\u017eij\u00ed. Uva\u017eujete-li o mo\u0159i, zvolte Chorvatsko, ide\u00e1ln\u00ed je t\u0159eba ostrov Krk. Je zde \u0159ada letovisek, o nich\u017e by se dalo bez nads\u00e1zky \u0159\u00edci, \u017ee jsou \u201ebaby friendly\u201c, tedy \u017ee d\u011bti jsou v\u00edt\u00e1ny a pobyt si skute\u010dn\u011b u\u017eij\u00ed, t\u00edm p\u00e1dem si ho u\u017eijete i Vy. Je\u010fte s d\u011btmi do poklidn\u00e9ho letoviska \u0160ilo. ABC V\u00e1m porad\u00ed Pr\u00e1v\u011b na tuto oblast je perfektn\u00ed volba, rozhodnete-li se pro cestov\u00e1n\u00ed s agenturou ABC. Pan\u00ed Slov\u00e1\u010dkov\u00e1, kter\u00e1 svou agenturu provozuje ji\u017e 13 let, V\u00e1m dovede zasv\u011bcen\u011b poradit, kde je pro d\u011bti vhodn\u00e9 prost\u0159ed\u00ed, zda se rozhodnout pro apartm\u00e1ny Chorvatsko \u010di pro jin\u00e9 ubytov\u00e1n\u00ed. A mo\u017en\u00e1 zvol\u00edte pr\u00e1v\u011b poklidn\u00e9 \u0160ilo, na n\u011bm\u017e je n\u00e1dhern\u00e1 p\u00eds\u010dit\u00e1 pl\u00e1\u017e, kterou zejm\u00e9na d\u011bti jist\u011b ocen\u00ed. Nav\u00edc se tato pl\u00e1\u017e py\u0161n\u00ed modrou vlajkou, co\u017e znamen\u00e1, \u017ee db\u00e1 o \u010distotu \u017eivotn\u00edho prost\u0159ed\u00ed, tedy \u017ee pl\u00e1\u017e a mo\u0159e jsou opravdu \u010dist\u00e9. A tuto informaci zejm\u00e9na maminky jist\u011b r\u00e1dy usly\u0161\u00ed.                                                                                                                                                                                                                                                                                                                                                                                        2\/5 - (1 vote)        "},{"@context":"https:\/\/schema.org\/","@type":"BreadcrumbList","itemListElement":[{"@type":"ListItem","position":1,"name":"Kam vyrazit s d\u011btmi?","item":"https:\/\/www.spolecnacesta.cz\/kam-vyrazit-s-detmi\/#breadcrumbitem"}]}]