[{"@context":"https:\/\/schema.org\/","@type":"Article","@id":"https:\/\/www.spolecnacesta.cz\/darky-od-deti\/#Article","mainEntityOfPage":"https:\/\/www.spolecnacesta.cz\/darky-od-deti\/","headline":"D\u00e1rky od d\u011bt\u00ed","name":"D\u00e1rky od d\u011bt\u00ed","description":"Od prvn\u00ed t\u0159\u00eddy jsme s man\u017eelem na\u0161e dv\u011b d\u011bti p\u0159ihl\u00e1sili do nejr\u016fzn\u011bj\u0161\u00edch rukod\u011bln\u00fdch krou\u017ek\u016f. Ob\u011b r\u00e1dy kresl\u00ed a z keramiky [&hellip;]","datePublished":"2025-02-14","dateModified":"2025-02-14","author":{"@type":"Person","@id":"https:\/\/www.spolecnacesta.cz\/author\/devene\/#Person","name":"spolecnacesta.cz","url":"https:\/\/www.spolecnacesta.cz\/author\/devene\/","identifier":1,"image":{"@type":"ImageObject","@id":"https:\/\/secure.gravatar.com\/avatar\/6b1978a802e1d2522476d4f1a954a19e989b74ba84b3e15a182efb651cc75097?s=96&d=mm&r=g","url":"https:\/\/secure.gravatar.com\/avatar\/6b1978a802e1d2522476d4f1a954a19e989b74ba84b3e15a182efb651cc75097?s=96&d=mm&r=g","height":96,"width":96}},"publisher":{"@type":"Organization","name":"spolecnacesta.cz","logo":{"@type":"ImageObject","@id":"\/logo.png","url":"\/logo.png","width":600,"height":60}},"url":"https:\/\/www.spolecnacesta.cz\/darky-od-deti\/","wordCount":241,"articleBody":"Od prvn\u00ed t\u0159\u00eddy jsme s man\u017eelem na\u0161e dv\u011b d\u011bti p\u0159ihl\u00e1sili do nejr\u016fzn\u011bj\u0161\u00edch rukod\u011bln\u00fdch krou\u017ek\u016f. Ob\u011b r\u00e1dy kresl\u00ed a z keramiky a krou\u017eku zam\u011b\u0159en\u00e9ho na v\u00fdrobu z p\u0159\u00edrodnin, byly nad\u0161en\u00e9. Netrvalo dlouho a k narozenin\u00e1m a V\u00e1noc\u016fm jsme za\u010dali dost\u00e1vat k\u0159iv\u00e9 v\u00e1zi\u010dky a st\u00e1da zv\u00ed\u0159\u00e1tek z ka\u0161tan\u016f a such\u00e9ho list\u00ed. V\u00fdrobky hr\u00e1ly v\u0161emi barvami a p\u0159\u00edzem\u00ed se brzy prom\u011bnilo na v\u00fdstavku duhov\u00fdch barev. V t\u00e9 dob\u011b jsme st\u00e1le nem\u011bli zcela vybaveny v\u0161echny prostory a p\u0159es v\u0161echny drobn\u00e9 v\u00fdrobky z\u016fst\u00e1vala v ob\u00fdvac\u00edm pokoji pr\u00e1zdn\u00e1 st\u011bna. Rozhodli jsme se pro pl\u00e1tno, ale kv\u016fli v\u00fdrobk\u016fm si nev\u011bd\u011bli rady s barvou. Elegantn\u00ed pl\u00e1tno V\u011bt\u0161ina bytu byla za\u0159\u00edzena elegantn\u011b a modern\u011b, proto jsme se rozhodli pro nad\u010dasov\u00fd materi\u00e1l, pl\u00e1tno. Od n\u011bj byl u\u017e jen kr\u016f\u010dek k v\u00edced\u00edln\u00fdm obraz\u016fm. Jejich jednoduch\u00e1 elegance nezast\u00edn\u00ed d\u011btsk\u00e9 v\u00fdtvory a motiv proch\u00e1zej\u00edc\u00ed p\u0159es v\u00edce men\u0161\u00edch ploch kr\u00e1sn\u011b vypln\u00ed prostor pr\u00e1zdn\u00e9 st\u011bny. Zb\u00fdvala barva. S\u00e1hli jsme po monochromatick\u00e9m d\u00edle, kter\u00e9 dostate\u010dn\u011b vynikne, ale nezast\u00edn\u00ed zbytek m\u00edstnosti.                                                                                                                                                                                                                                                                                                                                                                                                "},{"@context":"https:\/\/schema.org\/","@type":"BreadcrumbList","itemListElement":[{"@type":"ListItem","position":1,"name":"D\u00e1rky od d\u011bt\u00ed","item":"https:\/\/www.spolecnacesta.cz\/darky-od-deti\/#breadcrumbitem"}]}]