[{"@context":"https:\/\/schema.org\/","@type":"Article","@id":"https:\/\/www.spolecnacesta.cz\/bydleni-ve-vlastnim-a-na-vysocine\/#Article","mainEntityOfPage":"https:\/\/www.spolecnacesta.cz\/bydleni-ve-vlastnim-a-na-vysocine\/","headline":"Bydlen\u00ed ve vlastn\u00edm a na Vyso\u010din\u011b","name":"Bydlen\u00ed ve vlastn\u00edm a na Vyso\u010din\u011b","description":"M\u00edt vlastn\u00ed d\u016fm D\u0159\u00edve se na spr\u00e1vn\u00e9ho \u201echlapa\u201c pohl\u00ed\u017eelo tak, \u017ee prok\u00e1zal zplozen\u00ed potomka, zasazen\u00ed a podporu r\u016fstu stromu a [&hellip;]","datePublished":"2021-10-14","dateModified":"2023-10-02","author":{"@type":"Person","@id":"https:\/\/www.spolecnacesta.cz\/author\/devene\/#Person","name":"spolecnacesta.cz","url":"https:\/\/www.spolecnacesta.cz\/author\/devene\/","identifier":1,"image":{"@type":"ImageObject","@id":"https:\/\/secure.gravatar.com\/avatar\/6b1978a802e1d2522476d4f1a954a19e989b74ba84b3e15a182efb651cc75097?s=96&d=mm&r=g","url":"https:\/\/secure.gravatar.com\/avatar\/6b1978a802e1d2522476d4f1a954a19e989b74ba84b3e15a182efb651cc75097?s=96&d=mm&r=g","height":96,"width":96}},"publisher":{"@type":"Organization","name":"spolecnacesta.cz","logo":{"@type":"ImageObject","@id":"\/logo.png","url":"\/logo.png","width":600,"height":60}},"image":{"@type":"ImageObject","@id":"https:\/\/www.spolecnacesta.cz\/wp-content\/uploads\/lake-6697130_640.jpg","url":"https:\/\/www.spolecnacesta.cz\/wp-content\/uploads\/lake-6697130_640.jpg","height":0,"width":0},"url":"https:\/\/www.spolecnacesta.cz\/bydleni-ve-vlastnim-a-na-vysocine\/","about":["V\u00fdrobky"],"wordCount":408,"articleBody":"M\u00edt vlastn\u00ed d\u016fmD\u0159\u00edve se na spr\u00e1vn\u00e9ho \u201echlapa\u201c pohl\u00ed\u017eelo tak, \u017ee prok\u00e1zal zplozen\u00ed potomka, zasazen\u00ed a podporu r\u016fstu stromu a vystav\u011bn\u00ed vlastn\u00edho obydl\u00ed, kter\u00e9 zabezpe\u010dovalo rodinu p\u0159ed okoln\u00edm sv\u011btem. To platilo pom\u011brn\u011b dlouhou dobu, zvl\u00e1\u0161t\u011b tehdy, dokud modern\u00ed civilizovan\u00fd sv\u011bt neza\u010dala v\u00e1lcovat pr\u016fmyslov\u00e1 revoluce, a kdy mnoha lidem nebyla dop\u0159\u00e1na p\u0159\u00edle\u017eitost tohoto v\u016fbec doc\u00edlit.Dnes nen\u00ed tak snadn\u00e9 stav\u011bt vlastn\u00edmi silami d\u016fm, obvykle si na to naj\u00edm\u00e1me specialisty, ale st\u00e1le jde v z\u00e1sad\u011b o jednu z nejd\u016fle\u017eit\u011bj\u0161\u00edch v\u011bc\u00ed v \u017eivot\u011b \u2013 m\u00edt vlastn\u00ed st\u0159echu nad hlavou a d\u00e1t j\u00ed p\u0159ednost p\u0159ed pron\u00e1jmy. V pronajat\u00e9m prostoru m\u00e1te samoz\u0159ejm\u011b minimum starost\u00ed, nezaj\u00edm\u00e1 v\u00e1s technick\u00fd stav objektu, tedy v rozsahu vlastn\u00ed zodpov\u011bdnosti, kter\u00e1 pad\u00e1 na va\u0161eho pronaj\u00edmatele, ale tou druhou stranou mince je, \u017ee jste vlastn\u011b bezdomovci. M\u00e1te sice bydlen\u00ed zaji\u0161t\u011bno n\u00e1jemn\u00ed smlouvou, ale je to jen smlouva, \u00famluva, kter\u00e1 s dodr\u017een\u00edm v\u00fdpov\u011bdn\u00ed lh\u016fty m\u016f\u017ee p\u0159estat platit prakticky kdykoli. A \u010d\u00edm je \u010dlov\u011bk star\u0161\u00ed, t\u00edm h\u016f\u0159e sn\u00e1\u0161\u00ed neust\u00e1l\u00e9 v\u011bdom\u00ed toho, \u017ee se m\u016f\u017ee st\u00e1t, \u017ee si jednoho dne bude balit v\u011bci a st\u011bhovat se zas o d\u016fm d\u00e1l. V seniorsk\u00e9m v\u011bku to m\u016f\u017ee b\u00fdt docela nep\u0159\u00edjemn\u00e9 trauma.Kde jej postavitKdy\u017e u\u017e se rozhodnete j\u00edt vlastn\u00ed cestou a s\u00e1z\u00edte na bydlen\u00ed v novostavb\u011b, jak to ud\u011blal nap\u0159\u00edklad pan Klus\u00e1\u010dek , m\u011bli byste pe\u010dliv\u011b zv\u00e1\u017eit volbu vhodn\u00e9ho pozemku. Atraktivn\u00edch lokalit je v na\u0161\u00ed zemi cel\u00e1 \u0159ada a jistou v\u00fdhodu maj\u00ed ti, co r\u00e1di cestuj\u00ed a organizuj\u00ed svou dovolenou v \u010cesk\u00e9 republice, nap\u0159. ve form\u011b cykloturistiky. Objev\u00ed tak mnohdy zaj\u00edmav\u00e1 m\u00edsta s p\u011bkn\u00fdm v\u00fdhledem, \u010distou p\u0159\u00edrodou a celkov\u011b podmaniv\u00fdm prost\u0159ed\u00edm pro snaz\u0161\u00ed v\u00fdb\u011br p\u0159i rozhodov\u00e1n\u00ed.R\u00e1di bychom v\u00e1m nazna\u010dili, \u017ee k t\u011bm velmi obl\u00edben\u00fdm se \u0159ad\u00ed i \u010ceskomoravsk\u00e1 vrchovina. Najdete tu celou \u0159adu p\u0159\u00edrodn\u00edch kr\u00e1s, pam\u00e1tek, rezervac\u00ed a oblast\u00ed, kde je celoro\u010dn\u00ed bydlen\u00ed skute\u010dn\u011b obrovsk\u00fdm darem.                                                                                                                                                                                                                                                                                                                                                                                         4.7\/5 - (3 votes)        "},{"@context":"https:\/\/schema.org\/","@type":"BreadcrumbList","itemListElement":[{"@type":"ListItem","position":1,"name":"Bydlen\u00ed ve vlastn\u00edm a na Vyso\u010din\u011b","item":"https:\/\/www.spolecnacesta.cz\/bydleni-ve-vlastnim-a-na-vysocine\/#breadcrumbitem"}]}]